{"id":3947,"date":"2025-05-22T10:06:06","date_gmt":"2025-05-22T10:06:06","guid":{"rendered":"https:\/\/www.segelschule-wannsee.de\/?p=3947"},"modified":"2025-11-18T11:38:55","modified_gmt":"2025-11-18T11:38:55","slug":"sbf-see-und-binnen-segeln-und-motorbootkurs","status":"publish","type":"post","link":"https:\/\/www.segelschule-wannsee.de\/?p=3947","title":{"rendered":"SBF Binnen Segeln 06. M\u00e4rz 2026"},"content":{"rendered":"\n<p>Kursinformationen.<\/p>\n\n\n\n<p>Der Segel Wochenendkurs findet mit der Theorieausbildung vom 06. bis 08. M\u00e4rz 2026 statt.<\/p>\n\n\n\n<p>Kurszeiten der Theorie sind<\/p>\n\n\n\n<p>Freitag, den 06. M\u00e4rz von 18 bis 22 Uhr<\/p>\n\n\n\n<p>Samstag, den 07. M\u00e4rz 1230 bis ca. 15 Uhr<\/p>\n\n\n\n<p>Sonntag, den 08. M\u00e4rz 10 bis ca. 15 Uhr<\/p>\n\n\n\n<p>Die praktische Segelausbildung werden wir mit Ihnen Individuell vereinbaren. Praxisausbildung k\u00f6nnen wir jedes Wochenende und unter der Woche durchf\u00fchren. Die Praxisausbildung beginnt wieder am 01. April.<\/p>\n\n\n\n<p>Die Theorie und Praxisausbildung findet am Gro\u00dfen Wannsee statt.<\/p>\n\n\n\n<p><\/p>\n","protected":false},"excerpt":{"rendered":"<p>Kursinformationen. Der Segel Wochenendkurs findet mit der Theorieausbildung vom 06. bis 08. M\u00e4rz 2026 statt. Kurszeiten der Theorie sind Freitag, den 06. M\u00e4rz von 18 bis 22 Uhr Samstag, den 07. M\u00e4rz 1230 bis ca. 15 Uhr Sonntag, den 08. M\u00e4rz 10 bis ca. 15 Uhr Die praktische Segelausbildung werden wir mit Ihnen Individuell vereinbaren. [&hellip;]<\/p>\n","protected":false},"author":3,"featured_media":0,"comment_status":"open","ping_status":"open","sticky":false,"template":"","format":"standard","meta":{"footnotes":""},"categories":[1],"tags":[],"class_list":["post-3947","post","type-post","status-publish","format-standard","hentry","category-uncategorized"],"jetpack_featured_media_url":"","_links":{"self":[{"href":"https:\/\/www.segelschule-wannsee.de\/index.php?rest_route=\/wp\/v2\/posts\/3947","targetHints":{"allow":["GET"]}}],"collection":[{"href":"https:\/\/www.segelschule-wannsee.de\/index.php?rest_route=\/wp\/v2\/posts"}],"about":[{"href":"https:\/\/www.segelschule-wannsee.de\/index.php?rest_route=\/wp\/v2\/types\/post"}],"author":[{"embeddable":true,"href":"https:\/\/www.segelschule-wannsee.de\/index.php?rest_route=\/wp\/v2\/users\/3"}],"replies":[{"embeddable":true,"href":"https:\/\/www.segelschule-wannsee.de\/index.php?rest_route=%2Fwp%2Fv2%2Fcomments&post=3947"}],"version-history":[{"count":0,"href":"https:\/\/www.segelschule-wannsee.de\/index.php?rest_route=\/wp\/v2\/posts\/3947\/revisions"}],"wp:attachment":[{"href":"https:\/\/www.segelschule-wannsee.de\/index.php?rest_route=%2Fwp%2Fv2%2Fmedia&parent=3947"}],"wp:term":[{"taxonomy":"category","embeddable":true,"href":"https:\/\/www.segelschule-wannsee.de\/index.php?rest_route=%2Fwp%2Fv2%2Fcategories&post=3947"},{"taxonomy":"post_tag","embeddable":true,"href":"https:\/\/www.segelschule-wannsee.de\/index.php?rest_route=%2Fwp%2Fv2%2Ftags&post=3947"}],"curies":[{"name":"wp","href":"https:\/\/api.w.org\/{rel}","templated":true}]}}