{"id":2022,"date":"2022-11-25T20:49:08","date_gmt":"2022-11-25T20:49:08","guid":{"rendered":"https:\/\/www.segelschule-wannsee.de\/?p=2022"},"modified":"2025-11-30T17:04:24","modified_gmt":"2025-11-30T17:04:24","slug":"sbf-see-und-binnen-kombikurs","status":"publish","type":"post","link":"https:\/\/www.segelschule-wannsee.de\/?p=2022","title":{"rendered":"SBF See und Binnen Kombikurs 13. M\u00e4rz 2026"},"content":{"rendered":"\n<p>Kursinformationen.<\/p>\n\n\n\n<p>Der SBF See und Binnen Segel und Motorbootkurs findet am Wochenende 13. bis 15. M\u00e4rz 2026 mit der Theorie statt. Kurszeiten der Theorie sind<\/p>\n\n\n\n<p>Freitag, den 13. M\u00e4rz 1730 bis 22 Uhr<\/p>\n\n\n\n<p>Samstag, den 14. M\u00e4rz 10 bis ca. 17 Uhr<\/p>\n\n\n\n<p>Sonntag, den 15. M\u00e4rz 10 bis ca. 17 Uhr<\/p>\n\n\n\n<p>zus\u00e4tzlich kommt noch eine Theorieienheit 2,5 h dazu. Termin wird dann zu Kursbeginn bekannt gegeben<\/p>\n\n\n\n<p>die Theorie findet am Gro\u00dfen Wannsee statt<\/p>\n\n\n\n<p><\/p>\n\n\n\n<p><\/p>\n","protected":false},"excerpt":{"rendered":"<p>Kursinformationen. Der SBF See und Binnen Segel und Motorbootkurs findet am Wochenende 13. bis 15. M\u00e4rz 2026 mit der Theorie statt. Kurszeiten der Theorie sind Freitag, den 13. M\u00e4rz 1730 bis 22 Uhr Samstag, den 14. M\u00e4rz 10 bis ca. 17 Uhr Sonntag, den 15. M\u00e4rz 10 bis ca. 17 Uhr zus\u00e4tzlich kommt noch eine [&hellip;]<\/p>\n","protected":false},"author":3,"featured_media":0,"comment_status":"open","ping_status":"open","sticky":false,"template":"","format":"standard","meta":{"footnotes":""},"categories":[3],"tags":[25],"class_list":["post-2022","post","type-post","status-publish","format-standard","hentry","category-kurstermine","tag-mo-di"],"jetpack_featured_media_url":"","_links":{"self":[{"href":"https:\/\/www.segelschule-wannsee.de\/index.php?rest_route=\/wp\/v2\/posts\/2022","targetHints":{"allow":["GET"]}}],"collection":[{"href":"https:\/\/www.segelschule-wannsee.de\/index.php?rest_route=\/wp\/v2\/posts"}],"about":[{"href":"https:\/\/www.segelschule-wannsee.de\/index.php?rest_route=\/wp\/v2\/types\/post"}],"author":[{"embeddable":true,"href":"https:\/\/www.segelschule-wannsee.de\/index.php?rest_route=\/wp\/v2\/users\/3"}],"replies":[{"embeddable":true,"href":"https:\/\/www.segelschule-wannsee.de\/index.php?rest_route=%2Fwp%2Fv2%2Fcomments&post=2022"}],"version-history":[{"count":0,"href":"https:\/\/www.segelschule-wannsee.de\/index.php?rest_route=\/wp\/v2\/posts\/2022\/revisions"}],"wp:attachment":[{"href":"https:\/\/www.segelschule-wannsee.de\/index.php?rest_route=%2Fwp%2Fv2%2Fmedia&parent=2022"}],"wp:term":[{"taxonomy":"category","embeddable":true,"href":"https:\/\/www.segelschule-wannsee.de\/index.php?rest_route=%2Fwp%2Fv2%2Fcategories&post=2022"},{"taxonomy":"post_tag","embeddable":true,"href":"https:\/\/www.segelschule-wannsee.de\/index.php?rest_route=%2Fwp%2Fv2%2Ftags&post=2022"}],"curies":[{"name":"wp","href":"https:\/\/api.w.org\/{rel}","templated":true}]}}